{"id":629,"date":"2022-02-01T09:21:58","date_gmt":"2022-02-01T08:21:58","guid":{"rendered":"https:\/\/naczarter.pl\/b\/?p=629"},"modified":"2022-05-04T05:55:05","modified_gmt":"2022-05-04T03:55:05","slug":"szanty-gizycko","status":"publish","type":"post","link":"https:\/\/naczarter.pl\/b\/szanty-gizycko\/","title":{"rendered":"Szanty Gi\u017cycko"},"content":{"rendered":"\n<p>Aktualna lista koncert\u00f3w \u017ceglarskich odbywaj\u0105cych si\u0119 w Gi\u017cycku na szlaku Wielkich Jezior Mazurskich. Opr\u00f3cz muzyki szantowej na \u017cywo mo\u017cesz znale\u017a\u0107 na naszej stronie <a href=\"https:\/\/naczarter.pl\/gizycko\">czarter jachtu z Gi\u017cycka<\/a>. Wakacyjny urlop to doskona\u0142y moment na skorzystanie z oferty <a href=\"https:\/\/naczarter.pl\/mazury\">czarter jachtu na Mazurach<\/a>.<\/p>\n\n\n\n<h3>Koncerty szantowe Stranda Gi\u017cycko 2022<\/h3>\n\n\n\n<p><a href=\"tel:+48501122610\">+48 501 122 610<\/a><\/p>\n\n\n\n<figure class=\"wp-block-table\"><table><tbody><tr><td>29 kwietnia<\/td><td>pi\u0105tek<\/td><td>20:00<\/td><td>Piotr Karpienia Band<\/td><\/tr><tr><td>30 kwietnia<\/td><td>sobota<\/td><td>20:00<\/td><td>OKAW Sztorm<\/td><\/tr><tr><td>1 maja<\/td><td>niedziela<\/td><td>20:00<\/td><td>Koncert Zespo\u0142u Vintage<\/td><\/tr><tr><td>2 maja<\/td><td>poniedzia\u0142ek<\/td><td>20:00<\/td><td>Grzegorz Polakowski<\/td><\/tr><tr><td>06 maja<\/td><td>pi\u0105tek<\/td><td>20:00<\/td><td>Grzegorz Polakowski<\/td><\/tr><tr><td>07 maja<\/td><td>sobota<\/td><td>20:00<\/td><td>Czarna Bandera<\/td><\/tr><tr><td>13 maja<\/td><td>pi\u0105tek<\/td><td>20:00<\/td><td>Kuba K\u0119sy<\/td><\/tr><tr><td>14 maja<\/td><td>sobota<\/td><td>20:00<\/td><td>Koncert Zespo\u0142u Vintage<\/td><\/tr><tr><td>20 maja<\/td><td>pi\u0105tek<\/td><td>20:00<\/td><td>Grzegorz Polakowski<\/td><\/tr><tr><td>21 maja<\/td><td>pi\u0105tek<\/td><td>20:00<\/td><td>OKAW Sztorm<\/td><\/tr><tr><td>27 maja<\/td><td>pi\u0105tek<\/td><td>20:00<\/td><td>Grzegorz Polakowski<\/td><\/tr><tr><td>28 maja<\/td><td>sobota<\/td><td>20:00<\/td><td>Czarna Bandera<\/td><\/tr><tr><td>03 czerwca<\/td><td>pi\u0105tek<\/td><td>20:00<\/td><td>Grzegorz Polakowski<\/td><\/tr><tr><td>04 czerwca<\/td><td>sobota<\/td><td>20:00<\/td><td>OKAW Sztorm<\/td><\/tr><tr><td>10 czerwca<\/td><td>pi\u0105tek<\/td><td>20:00<\/td><td>Grzegorz Polakowski<\/td><\/tr><tr><td>11 czerwca<\/td><td>sobota<\/td><td>20:00<\/td><td>OKAW Sztorm<\/td><\/tr><tr><td>16 czerwca<\/td><td>czwartek<\/td><td>21:00<\/td><td>Grzegorz Polakowski<\/td><\/tr><tr><td>17 czerwca<\/td><td>pi\u0105tek<\/td><td>21:00<\/td><td>Koncert Zespo\u0142u Vintage<\/td><\/tr><tr><td>18 czerwca<\/td><td>sobota<\/td><td>21:00<\/td><td>Piotr Karpienia Band<\/td><\/tr><tr><td>23 czerwca<\/td><td>czwartek<\/td><td>21:00<\/td><td>Grzegorz Polakowski<\/td><\/tr><tr><td>24 czerwca<\/td><td>pi\u0105tek<\/td><td>21:00<\/td><td>Piotr Karpienia Band<\/td><\/tr><tr><td>25 czerwca<\/td><td>sobota<\/td><td>21:00<\/td><td>OKAW Sztorm<\/td><\/tr><tr><td>26 czerwca<\/td><td>niedziela<\/td><td>21:00<\/td><td>Grzegorz Polakowski<\/td><\/tr><tr><td>30 czerwca<\/td><td>czwartek<\/td><td>21:00<\/td><td>Kuba K\u0119sy<\/td><\/tr><tr><td>1 lipca<\/td><td>pi\u0105tek<\/td><td>21:00<\/td><td>Piotr Karpienia Band<\/td><\/tr><tr><td>2 lipca<\/td><td>sobota<\/td><td>21:00<\/td><td>Czarna Bandera<\/td><\/tr><tr><td>3 lipca<\/td><td>niedziela<\/td><td>21:00<\/td><td>Kuba K\u0119sy<\/td><\/tr><tr><td>6 lipca<\/td><td>\u015broda<\/td><td>21:00<\/td><td>Stranda Beer Party<\/td><\/tr><tr><td>7 lipca<\/td><td>czwartek<\/td><td>21:00<\/td><td>Koncert zespo\u0142u Vintage<\/td><\/tr><tr><td>8 lipca<\/td><td>pi\u0105tek<\/td><td>21:00<\/td><td>Piotr Karpienia Band<\/td><\/tr><tr><td>9 lipca<\/td><td>sobota<\/td><td>21:00<\/td><td>OKAW Sztorm<\/td><\/tr><tr><td>10 lipca<\/td><td>niedziela<\/td><td>21:00<\/td><td>Kuba K\u0119sy<\/td><\/tr><tr><td>13 lipca<\/td><td>\u015broda<\/td><td>21:00<\/td><td>Stranda Beer Party<\/td><\/tr><tr><td>14 lipca<\/td><td>czwartek<\/td><td>21:00<\/td><td>Grzegorz Polakowski<\/td><\/tr><tr><td>15 lipca<\/td><td>pi\u0105tek<\/td><td>21:00<\/td><td>Piotr Karpienia Band<\/td><\/tr><tr><td>16 lipca<\/td><td>sobota<\/td><td>21:00<\/td><td>Czarna Bandera<\/td><\/tr><tr><td>17 lipca<\/td><td>niedziela<\/td><td>21:00<\/td><td>Kuba K\u0119sy<\/td><\/tr><tr><td>20 lipca<\/td><td>\u015broda<\/td><td>21:00<\/td><td>Stranda Beer Party<\/td><\/tr><tr><td>21 lipca<\/td><td>czwartek<\/td><td>21:00<\/td><td>Grzegorz Polakowski<\/td><\/tr><tr><td>22 lipca<\/td><td>pi\u0105tek<\/td><td>21:00<\/td><td>Piotr Karpienia Band<\/td><\/tr><tr><td>23 lipca<\/td><td>sobota<\/td><td>21:00<\/td><td>OKAW Sztorm<\/td><\/tr><tr><td>24 lipca<\/td><td>niedziela<\/td><td>21:00<\/td><td>Kuba K\u0119sy<\/td><\/tr><tr><td>27 lipca<\/td><td>\u015broda<\/td><td>21:00<\/td><td>Stranda Beer Party<\/td><\/tr><tr><td>28 lipca<\/td><td>czwartek<\/td><td>21:00<\/td><td>Grzegorz Polakowski<\/td><\/tr><tr><td>29 lipca<\/td><td>pi\u0105tek<\/td><td>21:00<\/td><td>Koncert zespo\u0142u Vintage<\/td><\/tr><tr><td>30 lipca<\/td><td>sobota<\/td><td>21:00<\/td><td>Czarna Bandera<\/td><\/tr><tr><td>31 lipca<\/td><td>niedziela<\/td><td>21:00<\/td><td>Kuba K\u0119sy<\/td><\/tr><tr><td>3 sierpnia<\/td><td>\u015broda<\/td><td>21:00<\/td><td>Stranda Beer Party<\/td><\/tr><tr><td>4 sierpnia<\/td><td>czwartek<\/td><td>21:00<\/td><td>Koncert zespo\u0142u Vintage<\/td><\/tr><tr><td>5 sierpnia<\/td><td>pi\u0105tek<\/td><td>21:00<\/td><td>Piotr Karpienia Band<\/td><\/tr><tr><td>6 sierpnia<\/td><td>sobota<\/td><td>21:00<\/td><td>OKAW Sztorm<\/td><\/tr><tr><td>7 sierpnia<\/td><td>niedziela<\/td><td>21:00<\/td><td>Kuba K\u0119sy<\/td><\/tr><tr><td>10 sierpnia<\/td><td>\u015broda<\/td><td>21:00<\/td><td>Stranda Beer Party<\/td><\/tr><tr><td>11 sierpnia<\/td><td>czwartek<\/td><td>21:00<\/td><td>Grzegorz Polakowski<\/td><\/tr><tr><td>12 sierpnia<\/td><td>pi\u0105tek<\/td><td>21:00<\/td><td>Piotr Karpienia Band<\/td><\/tr><tr><td>13 sierpnia<\/td><td>sobota<\/td><td>21:00<\/td><td>Czarna Bandera<\/td><\/tr><tr><td>14 sierpnia<\/td><td>niedziela<\/td><td>21:00<\/td><td>Kuba K\u0119sy<\/td><\/tr><tr><td>15 sierpnia<\/td><td>poniedzia\u0142ek<\/td><td>21:00<\/td><td>OKAW Sztorm<\/td><\/tr><tr><td>17 sierpnia<\/td><td>\u015broda<\/td><td>21:00<\/td><td>Stranda Beer Party<\/td><\/tr><tr><td>18 sierpnia<\/td><td>czwartek<\/td><td>21:00<\/td><td>Grzegorz Polakowski<\/td><\/tr><tr><td>19 sierpnia<\/td><td>pi\u0105tek<\/td><td>21:00<\/td><td>Koncert zespo\u0142u Vintage<\/td><\/tr><tr><td>20 sierpnia<\/td><td>sobota<\/td><td>21:00<\/td><td>Czarna Bandera<\/td><\/tr><tr><td>25 sierpnia<\/td><td>czwartek<\/td><td>20:00<\/td><td>Grzegorz Polakowski<\/td><\/tr><tr><td>26 sierpnia<\/td><td>pi\u0105tek<\/td><td>20:00<\/td><td>Piotr Karpienia Band<\/td><\/tr><tr><td>27 sierpnia<\/td><td>sobota<\/td><td>20:00<\/td><td>Okaw Sztorm<\/td><\/tr><tr><td>1 wrze\u015bnia<\/td><td>czwartek<\/td><td>20:00<\/td><td>Stranda Beer Party<\/td><\/tr><tr><td>2 wrze\u015bnia<\/td><td>pi\u0105tek<\/td><td>20:00<\/td><td>Grzegorz Polakowski<\/td><\/tr><tr><td>3 wrze\u015bnia<\/td><td>sobota<\/td><td>20:00<\/td><td>Okaw Sztorm<\/td><\/tr><tr><td>8 wrze\u015bnia<\/td><td>czwartek<\/td><td>20:00<\/td><td>Stranda Beer Party<\/td><\/tr><tr><td>9 wrze\u015bnia<\/td><td>pi\u0105tek<\/td><td>20:00<\/td><td>Grzegorz Polakowski<\/td><\/tr><tr><td>10 wrze\u015bnia<\/td><td>sobota<\/td><td>20:00<\/td><td>Czarna Bandera<\/td><\/tr><tr><td>15 wrze\u015bnia<\/td><td>czwartek<\/td><td>20:00<\/td><td>Stranda Beer Party<\/td><\/tr><tr><td>16 wrze\u015bnia<\/td><td>pi\u0105tek<\/td><td>20:00<\/td><td>Koncert zespo\u0142u Vintage<\/td><\/tr><tr><td>17 wrze\u015bnia<\/td><td>sobota<\/td><td>20:00<\/td><td>Grzegorz Polakowski<\/td><\/tr><tr><td>24 wrze\u015bnia<\/td><td>sobota<\/td><td>20:00<\/td><td>Grzegorz Polakowski<\/td><\/tr><tr><td>01 pa\u017adziernika<\/td><td>sobota<\/td><td>20:00<\/td><td>Grzegorz Polakowski<\/td><\/tr><\/tbody><\/table><\/figure>\n\n\n\n<h2 id=\"koncerty-szantowe-w-gizycko-imprezy-zeglarskie\">Koncerty szantowe w Gi\u017cycko &#8211; imprezy \u017ceglarskie<\/h2>\n\n\n\n<p>Koronawirus zdecydowanie nas nie rozpieszcza i wci\u0105\u017c wi\u0119kszo\u015b\u0107 odbywaj\u0105cych si\u0119 latem koncert\u00f3w, festiwali i zlot\u00f3w jest odwo\u0142ana lub mocno ograniczona. Szanty to nieod\u0142\u0105czny element gi\u017cyckiego klimatu. W tym roku zmieni si\u0119 jednak skala wydarze\u0144. Mi\u0142o\u015bnik\u00f3w pie\u015bni morza zapraszamy do wsp\u00f3lnego poszukiwania ciekawych miejsc, w kt\u00f3rych mo\u017cna pos\u0142ucha\u0107 szant w Gi\u017cycku. Szanty w Gi\u017cycku \u2013 czy i jakie odb\u0119d\u0105 si\u0119 koncerty w lipcu i sierpniu 2020 r.<\/p>\n\n\n\n<h3 id=\"poklosie-covid19\"><strong>Pok\u0142osie COVID19&nbsp;<\/strong><\/h3>\n\n\n\n<p>Z uwagi na konieczno\u015b\u0107 przestrzegania jeszcze wci\u0105\u017c ostrych rygor\u00f3w bezpiecze\u0144stwa.<strong><\/strong>W<strong>i\u0119kszo\u015b\u0107 imprez charakterystycznych dla letniego, lu\u017anego klimatu samego serca&nbsp;<a href=\"https:\/\/pl.wikipedia.org\/wiki\/Kraina_Wielkich_Jezior_Mazurskich\">Krainy Wielkich Jezior<\/a>&nbsp;jest odwo\u0142ana<\/strong>. Re\u017cim sanitarny i konieczno\u015b\u0107 zachowania odpowiednich, zwi\u0119kszonych odleg\u0142o\u015bci mi\u0119dzy uczestnikami organizowanych w tym nietypowym czasie event\u00f3w, w tym koncert\u00f3w i festiwali, zdecydowanie podyktowa\u0142 nam warunki w znacznym stopniu uniemo\u017cliwiaj\u0105ce organizacj\u0119 tak swobodnych, letnich imprez. Wszystko to ma zapewni\u0107&nbsp;<strong>maksymalne bezpiecze\u0144stwo uczestnikom, jak i mieszka\u0144com regionu i okolic.<\/strong><\/p>\n\n\n\n<h3 id=\"piesni-pracy-tylko-dla-elit\"><strong>Pie\u015bni pracy tylko dla elit?<\/strong><\/h3>\n\n\n\n<p>Przepisy okre\u015blaj\u0105 nie tylko odleg\u0142o\u015bci i konieczno\u015b\u0107 zachowania specyficznych, wzmo\u017conych dzia\u0142a\u0144 odka\u017caj\u0105cych pomieszczenia i sprz\u0119ty. Z<strong>decydowanie ograniczono tak\u017ce ilo\u015b\u0107 uczestnik\u00f3w. W tym momencie jest to 150 os\u00f3b<\/strong>. Lato 2020 w Gi\u017cycku przebiegnie w&nbsp;<strong>bardzo kameralnym klimacie<\/strong>. Wi\u0119kszo\u015b\u0107 du\u017cych festiwali, kt\u00f3re si\u0119 do tej pory odbywa\u0142y, po prostu jest odwo\u0142ana, za to stanice wodne i okoliczne restauracje oferuj\u0105 szantow\u0105 muzyk\u0119 na \u017cywo w swoich skromniejszych progach.&nbsp;<\/p>\n\n\n\n<h3 id=\"gizycko-i-szanty-gdzie-graja\"><strong>Gi\u017cycko i szanty \u2013 gdzie graj\u0105<\/strong><\/h3>\n\n\n\n<p>Miejsc, w kt\u00f3rych w Gi\u017cycku us\u0142yszysz szanty, jest co najmniej kilka. Zwykle rozbrzmiewaj\u0105 one&nbsp;<strong>na miejskiej pla\u017cy<\/strong>. Zwykle odbywa\u0142 si\u0119 w Gi\u017cycku bardzo popularny festiwal szant w Twierdzy Boyen. Od kilku lat odbywa si\u0119 on r\u00f3wnie\u017c na pla\u017cy.&nbsp;<strong>Tawerna Marina w&nbsp;<\/strong><a href=\"https:\/\/naczarter.pl\/blog\/ekomarina-gizycko-ekologiczny-port-na-mazurach\/\"><strong>Ekomarinie Gi\u017cyckiej<\/strong><\/a>oraz&nbsp;<strong>port Stranda<\/strong>&nbsp;zaprasza\u0142y zwykle na koncerty w swoje progi. Dzi\u015b wszystko stoi pod znakiem zapytania. Gi\u017cycko to mikrostolica szant na Mazurach 2020. Szanty w Gi\u017cycku \u2013 czy i jakie odb\u0119d\u0105 si\u0119 koncerty w lipcu i sierpniu 2020 r.<\/p>\n\n\n\n<p>Okazuje si\u0119, \u017ce w\u015br\u00f3d wszystkich miejsc, w kt\u00f3rych szanty odgrywaj\u0105 pierwsze skrzypce,&nbsp;<strong>prym wiedzie stanica wodna Port STRANDA, kt\u00f3r\u0105, \u015bmia\u0142o, mo\u017cna okre\u015bli\u0107 mianem gi\u017cyckiej stolicy szant roku 2020<\/strong>. Tutaj niemal\u017ce codziennie, a na pewno w weekendy, na \u017cywo grane s\u0105 w\u0142a\u015bnie pie\u015bni pracy. Warto na bie\u017c\u0105co obserwowa\u0107 stron\u0119 internetow\u0105 portu. Repertuar zmienia si\u0119 z dnia na dzie\u0144. W tym momencie (na dzie\u0144 11.07.2020) plan koncert\u00f3w wygl\u0105da nast\u0119puj\u0105co:<\/p>\n\n\n\n<p>Koncerty \u017ceglarskie to rodzaj koncertu, kt\u00f3ry odbywa si\u0119 najcz\u0119\u015bciej w porcie jachtowym\u0142odzi. Twoja \u0142\u00f3d\u017a jest zwykle zacumowana przy keji. Koncert \u017ceglarski to wydarzenie, na kt\u00f3re ludzie mog\u0105 wybra\u0107 si\u0119, aby do\u015bwiadczy\u0107 muzyki na \u017cywo, jedzenia, napoj\u00f3w i pi\u0119knych widok\u00f3w natury. Koncerty \u017ceglarskie znane s\u0105 r\u00f3wnie\u017c jako \u201eimprezy \u017ceglarskie\u201d. Koncerty \u017ceglarskie to koncerty odbywaj\u0105ce si\u0119 zazwyczaj w trakcie czarteru jachtu. Tego typu koncerty staj\u0105 si\u0119 coraz bardziej popularne w ostatnich latach. Koncerty szantowe oferuj\u0105 publiczno\u015bci inny rodzaj dozna\u0144 ni\u017c to, czego oczekiwaliby na typowym koncercie. To co\u015b wi\u0119cej ni\u017c tylko s\u0142uchanie muzyki \u2013 to bycie chwil\u0105 i poczucie, \u017ce prze\u017cywasz w\u0142asn\u0105 przygod\u0119.<\/p>\n","protected":false},"excerpt":{"rendered":"<p>Aktualna lista koncert\u00f3w \u017ceglarskich odbywaj\u0105cych si\u0119 w Gi\u017cycku na szlaku Wielkich Jezior Mazurskich. Opr\u00f3cz muzyki szantowej na \u017cywo mo\u017cesz znale\u017a\u0107 na naszej stronie czarter jachtu z Gi\u017cycka. Wakacyjny urlop to doskona\u0142y moment na skorzystanie z oferty czarter jachtu na Mazurach. Koncerty szantowe Stranda Gi\u017cycko 2022 +48 501 122 610 29 kwietnia pi\u0105tek 20:00 Piotr Karpienia [&hellip;]<\/p>\n","protected":false},"author":3,"featured_media":630,"comment_status":"open","ping_status":"open","sticky":false,"template":"","format":"standard","meta":[],"categories":[42,23],"tags":[],"_links":{"self":[{"href":"https:\/\/naczarter.pl\/b\/wp-json\/wp\/v2\/posts\/629"}],"collection":[{"href":"https:\/\/naczarter.pl\/b\/wp-json\/wp\/v2\/posts"}],"about":[{"href":"https:\/\/naczarter.pl\/b\/wp-json\/wp\/v2\/types\/post"}],"author":[{"embeddable":true,"href":"https:\/\/naczarter.pl\/b\/wp-json\/wp\/v2\/users\/3"}],"replies":[{"embeddable":true,"href":"https:\/\/naczarter.pl\/b\/wp-json\/wp\/v2\/comments?post=629"}],"version-history":[{"count":3,"href":"https:\/\/naczarter.pl\/b\/wp-json\/wp\/v2\/posts\/629\/revisions"}],"predecessor-version":[{"id":695,"href":"https:\/\/naczarter.pl\/b\/wp-json\/wp\/v2\/posts\/629\/revisions\/695"}],"wp:featuredmedia":[{"embeddable":true,"href":"https:\/\/naczarter.pl\/b\/wp-json\/wp\/v2\/media\/630"}],"wp:attachment":[{"href":"https:\/\/naczarter.pl\/b\/wp-json\/wp\/v2\/media?parent=629"}],"wp:term":[{"taxonomy":"category","embeddable":true,"href":"https:\/\/naczarter.pl\/b\/wp-json\/wp\/v2\/categories?post=629"},{"taxonomy":"post_tag","embeddable":true,"href":"https:\/\/naczarter.pl\/b\/wp-json\/wp\/v2\/tags?post=629"}],"curies":[{"name":"wp","href":"https:\/\/api.w.org\/{rel}","templated":true}]}}